{"id":87759,"date":"2024-03-06T10:31:06","date_gmt":"2024-03-06T10:31:06","guid":{"rendered":"https:\/\/barnes-portugal.com\/2024\/03\/ha-7-novas-estrelas-michelin-a-brilhar-em-portugal\/"},"modified":"2024-03-08T10:44:59","modified_gmt":"2024-03-08T10:44:59","slug":"ha-7-novas-estrelas-michelin-a-brilhar-em-portugal","status":"publish","type":"post","link":"https:\/\/barnes-portugal.com\/fr\/2024\/03\/06\/ha-7-novas-estrelas-michelin-a-brilhar-em-portugal\/","title":{"rendered":"7 Nouvelles \u00c9toiles Michelin Brillent Au Portugal!"},"content":{"rendered":"<div class=\"text-wrapper\"><p>Lors d&rsquo;une c\u00e9r\u00e9monie consacr\u00e9e exclusivement au Portugal pour la premi\u00e8re fois, les 2 \u00e9toiles Michelin ont \u00e9t\u00e9 attribu\u00e9es \u00e0 Antiqvum par les chef Vitor Matos au Mus\u00e9e romantique de Porto et aux 4 restaurants qui ont re\u00e7u 1 \u00e9toile cette ann\u00e9e: 2Monkeys au Pal\u00e1cio do Torel \u00e0 Lisbonne par les chefs V\u00edtor Matos et Francisco Quintas, S\u00e1la par le chef Jo\u00e3o S\u00e1 \u00e9galement \u00e0 Lisbonne, Desarma \u00e0 Funchal par le chef Oct\u00e1vio Freitas et \u00d3 Balc\u00e3o par le chef Rodrigo Castelo \u00e0 Santar\u00e9m. <\/p>\n<p>Voir la liste des restaurants \u00e9toil\u00e9s au Portugal, par ordre alphab\u00e9tique :<\/p>\n<p>2 \u00c9toiles (8 restaurants)<\/p>\n<ul>\n<li><b><\/b> <span style=\"font-weight: 400;\">Alma \u2013 Lisboa (Chef Henrique S\u00e1 Pessoa)<\/span><\/li>\n<li><span style=\"font-weight: 400;\">Antiqvum \u2013 Porto (Chefe Vitor Matos)<\/span><\/li>\n<li><span style=\"font-weight: 400;\">Belcanto \u2013 Lisboa (chefe Jos\u00e9 Avillez)<\/span><\/li>\n<li><span style=\"font-weight: 400;\">Casa de Ch\u00e1 da Boa Nova \u2013 Le\u00e7a da Palmeira (chefe Rui Paula)<\/span><\/li>\n<li><span style=\"font-weight: 400;\">Il Gallo d\u2019Oro \u2013 Funchal (chefe Beno\u00eet Sinthon)<\/span><\/li>\n<li><span style=\"font-weight: 400;\">Ocean \u2013 Porches (chefe Hans Neuner)<\/span><\/li>\n<li><span style=\"font-weight: 400;\">The Yeatman \u2013 Vila Nova de Gaia (chefe Ricardo Costa)<\/span><\/li>\n<li><span style=\"font-weight: 400;\">Vila Joya \u2013 Praia da Gal\u00e9 (chefe Dieter Koschina)<\/span><\/li>\n<\/ul>\n<p>1 \u00c9toile (31 restaurants)<\/p>\n<ul>\n<li><b><\/b> <span style=\"font-weight: 400;\">100 Maneiras \u2013 Lisboa (chefes Ljubomir Stanisic e Manuel Maldonado)<\/span><\/li>\n<li><span style=\"font-weight: 400;\">2Monkeys \u2013 Lisboa (Chef V\u00edtor Matos e Chef Francisco Quintas)<\/span><\/li>\n<li><span style=\"font-weight: 400;\">A Cozinha \u2013 Guimar\u00e3es (Chef Ant\u00f3nio Loureiro)<\/span><\/li>\n<li><span style=\"font-weight: 400;\">Al Sud \u2013 Lagos (Chef Louis Anjos)<\/span><\/li>\n<li><span style=\"font-weight: 400;\">A Ver Tavira \u2013 Tavira (Chef Lu\u00eds Brito)<\/span><\/li>\n<li><span style=\"font-weight: 400;\">Antiqvvm \u2013 Porto (Chef V\u00edtor Matos)<\/span><\/li>\n<li><span style=\"font-weight: 400;\">Bon Bon \u2013 Carvoeiro \u2013 (Chef Jos\u00e9 Lopes)<\/span><\/li>\n<li><span style=\"font-weight: 400;\">CURA \u2013 Lisboa (Chef Pedro Pena Bastos)<\/span><\/li>\n<li><span style=\"font-weight: 400;\">\u00d3 Balc\u00e3o \u2013 Santar\u00e9m (Chef Rodrigo Castelo)<\/span><\/li>\n<li><span style=\"font-weight: 400;\">S\u00e1la \u2013 Lisboa (Chef Jo\u00e3o S\u00e1)<\/span><\/li>\n<li><span style=\"font-weight: 400;\">Espor\u00e3o \u2013 Reguengos de Monsaraz (Chef Carlos de Albuquerque Teixeira)<\/span><\/li>\n<li><span style=\"font-weight: 400;\">Eleven \u2013 Lisboa (Chef Joachim Koerper)<\/span><\/li>\n<li><span style=\"font-weight: 400;\">Espor\u00e3o \u2013 Reguengos de Monsaraz (Chef Carlos de Albuquerque Teixeira)<\/span><\/li>\n<li><span style=\"font-weight: 400;\">Encanto \u2013 Lisboa (Chef Jos\u00e9 Avillez \/ Chef Diogo Formiga)<\/span><\/li>\n<li><span style=\"font-weight: 400;\">Epur \u2013 Lisboa (Chef Vincent Farges)<\/span><\/li>\n<li><span style=\"font-weight: 400;\">Euskalduna Studio \u2013 Porto (Chef Vasco Coelho Santos<\/span><\/li>\n<li><span style=\"font-weight: 400;\">Feitoria \u2013 Lisboa (Chef Andr\u00e9 Cruz)<\/span><\/li>\n<li><span style=\"font-weight: 400;\">Fifty Seconds \u2013 Lisboa (Chef Mart\u00edn Berasategui e Chef Filipe Carvalho)<\/span><\/li>\n<li><span style=\"font-weight: 400;\">Fortaleza do Guincho \u2013 Cascais (Chef Gil Fernandes)<\/span><\/li>\n<li><span style=\"font-weight: 400;\">G Pousada \u2013 Bragan\u00e7a (Chef \u00d3scar Geadas)<\/span><\/li>\n<li><span style=\"font-weight: 400;\">Gusto by Heinz Beck \u2013 Almancil (Chef Heinz Beck)<\/span><\/li>\n<li><span style=\"font-weight: 400;\">Kabuki Lisboa \u2013 Lisboa (Chef Sebasti\u00e3o Coutinho)<\/span><\/li>\n<li><span style=\"font-weight: 400;\">Kanazawa \u2013 Lisboa (Chef Paulo Morais)<\/span><\/li>\n<li><span style=\"font-weight: 400;\">Lab by Sergi Arola, Sintra (Chef Sergi Arola)<\/span><\/li>\n<li><span style=\"font-weight: 400;\">Le Monument \u2013 Porto (Chef Julien Montbabut)<\/span><\/li>\n<li><span style=\"font-weight: 400;\">Loco \u2013 Lisboa (Chef Alexandre Silva)<\/span><\/li>\n<li><span style=\"font-weight: 400;\">Mesa de Lemos \u2013 Silgueiros, Viseu (Chef Diogo Rocha)<\/span><\/li>\n<li><span style=\"font-weight: 400;\">Midori \u2013 Sintra (Chef Tiago Santos)<\/span><\/li>\n<li><span style=\"font-weight: 400;\">Pedro Lemos \u2013 Porto (Chef Pedro Lemos)<\/span><\/li>\n<li><span style=\"font-weight: 400;\">S\u00e1la \u2013 Lisboa (Chef Jo\u00e3o S\u00e1, Lisboa)<\/span><\/li>\n<li><span style=\"font-weight: 400;\">Vila Foz \u2013 Porto (Chef Arnaldo Azevedo)<\/span><\/li>\n<li><span style=\"font-weight: 400;\">Vista \u2013 Portim\u00e3o (Chef Jo\u00e3o Oliveira)<\/span><\/li>\n<li><span style=\"font-weight: 400;\">Vistas \u2013 Vila Nova de Cacela (Chef Rui Silvestre)<\/span><\/li>\n<li><span style=\"font-weight: 400;\">William \u2013 Funchal (Chef Lu\u00eds Pestana)<\/span><\/li>\n<\/ul>\n<p>Les restaurants recommand\u00e9s par le Guide Michelin ont \u00e9galement \u00e9t\u00e9 annonc\u00e9s lors de la c\u00e9r\u00e9monie : Apego (Aurora Goy, Porto), BAHR (Nuno Dinis, Lisbonne), Blind (Rita Magro, Porto), Bonfim 1896 avec Pedro Lemos (Gon\u00e7alo Pinto, Pinh\u00e3o), Casa do Gadanha (Ruben Trindade Santos, Estremoz), Cavalari\u00e7a (Bruno Caseiro, Comporta), Downunder by Justin Jennings (Justin Jennings, Lisbonne), Fago (Jos\u00e9 Diogo Branco, Marv\u00e3o), Fauno (Tiago Amorim, Porto), Gastro by Elemento (Ricardo Dias Ferreira, Porto), Hort (Santiago Agnolles, Funchal), Lamelas (Ana Moura, Porto Covo), MA (Ricardo Casqueiro, Coimbra), No\u00e9lia (No\u00e9lia Jer\u00f3nimo, Cabanas de Tavira), Numa (Nuno Martins, Portim\u00e3o), O Palco (Marco Almeida, Coimbra), Quinta do Tedo Fam\u00edlia Geadas (\u00d3scar Geadas, Folgosa), Seiva (David Jesus, Le\u00e7a da Palmeira), Sem (Lara Prado et George Mcleod, Lisbonne), Sem Porta (Tiago Maio, Comporta) et Vinha (Henrique S\u00e1 Pessoa et Jonathan Seiller, Vila Nova de Gaia).<\/p>\n<p>Et aussi les Bib Gourmands : Flora (Jo\u00e3o Guedes Ferreira, Viseu), Inato Bistr\u00f4 (Tiago Costa et Miguel Rodrigues, Braga), Norma (Hugo Alves, Guimar\u00e3es), O Pastus (Annakaren Fuentes, Pa\u00e7o de Arcos), Olaias (M\u00f3nica Gomes, Figueira da Foz), Oma (Lu\u00eds Moreira, Bai\u00e3o), Patio 44 (Sim\u00e3o Soares et Afonso Ramos, Porto) et Poda (Jo\u00e3o Narigueta, Montemor-o-Novo).<\/p>\n<p>F\u00e9licitations \u00e0 tous les restaurants et chefs prim\u00e9s !<\/p>\n<p>#GuiaMICHELINPT #MICHELINStar24 #MICHELINSTARS #TWOMI<br \/>\nCHELINStars #OneMICHELINStar #Restaurants #Portugal #gastronomia<\/p>\n<\/div>","protected":false},"excerpt":{"rendered":"<p class=\"post-excerpt\">Lors d&rsquo;une c\u00e9r\u00e9monie consacr\u00e9e exclusivement au Portugal pour la premi\u00e8re fois, les 2 \u00e9toiles Michelin ont \u00e9t\u00e9 attribu\u00e9es \u00e0 Antiqvum par les chef Vitor Matos au Mus\u00e9e romantique de Porto et aux 4 restaurants qui ont re\u00e7u 1 \u00e9toile cette ann\u00e9e.\n<\/p>","protected":false},"author":1,"featured_media":87750,"comment_status":"closed","ping_status":"closed","sticky":false,"template":"","format":"standard","meta":{"_acf_changed":false,"footnotes":""},"categories":[2,352],"tags":[],"class_list":["post","format-standard","has-post-thumbnail","category-barnes-portugal-barnes","category-portugal-portugal"],"acf":[],"yoast_head":"<!-- This site is optimized with the Yoast SEO plugin v24.6 - https:\/\/yoast.com\/wordpress\/plugins\/seo\/ -->\n<title>7 Nouvelles \u00c9toiles Michelin Brillent Au Portugal! | BARNES Realty | Portugal<\/title>\n<meta name=\"description\" content=\"A Praia da Fal\u00e9sia cativa os visitantes com a sua paisagem de cortar a respira\u00e7\u00e3o. As fal\u00e9sias dram\u00e1ticas, o f\u00e1cil acesso, a areia dourada e as \u00e1guas azuis do Oceano Atl\u00e2ntico criam um cen\u00e1rio digno de um postal.\" \/>\n<meta name=\"robots\" content=\"index, follow, max-snippet:-1, max-image-preview:large, max-video-preview:-1\" \/>\n<link rel=\"canonical\" href=\"https:\/\/barnes-portugal.com\/fr\/2024\/03\/06\/ha-7-novas-estrelas-michelin-a-brilhar-em-portugal\/\" \/>\n<meta property=\"og:locale\" content=\"fr_FR\" \/>\n<meta property=\"og:type\" content=\"article\" \/>\n<meta property=\"og:title\" content=\"7 Nouvelles \u00c9toiles Michelin Brillent Au Portugal! | BARNES Realty | Portugal\" \/>\n<meta property=\"og:description\" content=\"A Praia da Fal\u00e9sia cativa os visitantes com a sua paisagem de cortar a respira\u00e7\u00e3o. As fal\u00e9sias dram\u00e1ticas, o f\u00e1cil acesso, a areia dourada e as \u00e1guas azuis do Oceano Atl\u00e2ntico criam um cen\u00e1rio digno de um postal.\" \/>\n<meta property=\"og:url\" content=\"https:\/\/barnes-portugal.com\/fr\/2024\/03\/06\/ha-7-novas-estrelas-michelin-a-brilhar-em-portugal\/\" \/>\n<meta property=\"og:site_name\" content=\"BARNES Realty | Portugal\" \/>\n<meta property=\"article:publisher\" content=\"https:\/\/www.facebook.com\/barnesportugal\" \/>\n<meta property=\"article:published_time\" content=\"2024-03-06T10:31:06+00:00\" \/>\n<meta property=\"article:modified_time\" content=\"2024-03-08T10:44:59+00:00\" \/>\n<meta property=\"og:image\" content=\"https:\/\/barnes-portugal.com\/wp-content\/uploads\/ha-7-novas-estrelas-michelin-a-brilhar-em-portugal.jpeg\" \/>\n\t<meta property=\"og:image:width\" content=\"754\" \/>\n\t<meta property=\"og:image:height\" content=\"394\" \/>\n\t<meta property=\"og:image:type\" content=\"image\/jpeg\" \/>\n<meta name=\"author\" content=\"SmartKISS\" \/>\n<meta name=\"twitter:card\" content=\"summary_large_image\" \/>\n<meta name=\"twitter:label1\" content=\"\u00c9crit par\" \/>\n\t<meta name=\"twitter:data1\" content=\"SmartKISS\" \/>\n\t<meta name=\"twitter:label2\" content=\"Dur\u00e9e de lecture estim\u00e9e\" \/>\n\t<meta name=\"twitter:data2\" content=\"3 minutes\" \/>\n<script type=\"application\/ld+json\" class=\"yoast-schema-graph\">{\"@context\":\"https:\/\/schema.org\",\"@graph\":[{\"@type\":\"Article\",\"@id\":\"https:\/\/barnes-portugal.com\/fr\/2024\/03\/06\/ha-7-novas-estrelas-michelin-a-brilhar-em-portugal\/#article\",\"isPartOf\":{\"@id\":\"https:\/\/barnes-portugal.com\/fr\/2024\/03\/06\/ha-7-novas-estrelas-michelin-a-brilhar-em-portugal\/\"},\"author\":{\"name\":\"SmartKISS\",\"@id\":\"https:\/\/barnes-portugal.com\/fr\/#\/schema\/person\/2099d6b94d81ecd203b4081ab83ba608\"},\"headline\":\"7 Nouvelles \u00c9toiles Michelin Brillent Au Portugal!\",\"datePublished\":\"2024-03-06T10:31:06+00:00\",\"dateModified\":\"2024-03-08T10:44:59+00:00\",\"mainEntityOfPage\":{\"@id\":\"https:\/\/barnes-portugal.com\/fr\/2024\/03\/06\/ha-7-novas-estrelas-michelin-a-brilhar-em-portugal\/\"},\"wordCount\":637,\"publisher\":{\"@id\":\"https:\/\/barnes-portugal.com\/fr\/#organization\"},\"image\":{\"@id\":\"https:\/\/barnes-portugal.com\/fr\/2024\/03\/06\/ha-7-novas-estrelas-michelin-a-brilhar-em-portugal\/#primaryimage\"},\"thumbnailUrl\":\"https:\/\/barnes-portugal.com\/wp-content\/uploads\/ha-7-novas-estrelas-michelin-a-brilhar-em-portugal.jpeg\",\"articleSection\":[\"BARNES Portugal\",\"Portugal\"],\"inLanguage\":\"fr-FR\"},{\"@type\":\"WebPage\",\"@id\":\"https:\/\/barnes-portugal.com\/fr\/2024\/03\/06\/ha-7-novas-estrelas-michelin-a-brilhar-em-portugal\/\",\"url\":\"https:\/\/barnes-portugal.com\/fr\/2024\/03\/06\/ha-7-novas-estrelas-michelin-a-brilhar-em-portugal\/\",\"name\":\"7 Nouvelles \u00c9toiles Michelin Brillent Au Portugal! | BARNES Realty | Portugal\",\"isPartOf\":{\"@id\":\"https:\/\/barnes-portugal.com\/fr\/#website\"},\"primaryImageOfPage\":{\"@id\":\"https:\/\/barnes-portugal.com\/fr\/2024\/03\/06\/ha-7-novas-estrelas-michelin-a-brilhar-em-portugal\/#primaryimage\"},\"image\":{\"@id\":\"https:\/\/barnes-portugal.com\/fr\/2024\/03\/06\/ha-7-novas-estrelas-michelin-a-brilhar-em-portugal\/#primaryimage\"},\"thumbnailUrl\":\"https:\/\/barnes-portugal.com\/wp-content\/uploads\/ha-7-novas-estrelas-michelin-a-brilhar-em-portugal.jpeg\",\"datePublished\":\"2024-03-06T10:31:06+00:00\",\"dateModified\":\"2024-03-08T10:44:59+00:00\",\"description\":\"A Praia da Fal\u00e9sia cativa os visitantes com a sua paisagem de cortar a respira\u00e7\u00e3o. As fal\u00e9sias dram\u00e1ticas, o f\u00e1cil acesso, a areia dourada e as \u00e1guas azuis do Oceano Atl\u00e2ntico criam um cen\u00e1rio digno de um postal.\",\"breadcrumb\":{\"@id\":\"https:\/\/barnes-portugal.com\/fr\/2024\/03\/06\/ha-7-novas-estrelas-michelin-a-brilhar-em-portugal\/#breadcrumb\"},\"inLanguage\":\"fr-FR\",\"potentialAction\":[{\"@type\":\"ReadAction\",\"target\":[\"https:\/\/barnes-portugal.com\/fr\/2024\/03\/06\/ha-7-novas-estrelas-michelin-a-brilhar-em-portugal\/\"]}]},{\"@type\":\"ImageObject\",\"inLanguage\":\"fr-FR\",\"@id\":\"https:\/\/barnes-portugal.com\/fr\/2024\/03\/06\/ha-7-novas-estrelas-michelin-a-brilhar-em-portugal\/#primaryimage\",\"url\":\"https:\/\/barnes-portugal.com\/wp-content\/uploads\/ha-7-novas-estrelas-michelin-a-brilhar-em-portugal.jpeg\",\"contentUrl\":\"https:\/\/barnes-portugal.com\/wp-content\/uploads\/ha-7-novas-estrelas-michelin-a-brilhar-em-portugal.jpeg\",\"width\":754,\"height\":394},{\"@type\":\"BreadcrumbList\",\"@id\":\"https:\/\/barnes-portugal.com\/fr\/2024\/03\/06\/ha-7-novas-estrelas-michelin-a-brilhar-em-portugal\/#breadcrumb\",\"itemListElement\":[{\"@type\":\"ListItem\",\"position\":1,\"name\":\"In\u00edcio\",\"item\":\"https:\/\/barnes-portugal.com\/fr\/\"},{\"@type\":\"ListItem\",\"position\":2,\"name\":\"7 Nouvelles \u00c9toiles Michelin Brillent Au Portugal!\"}]},{\"@type\":\"WebSite\",\"@id\":\"https:\/\/barnes-portugal.com\/fr\/#website\",\"url\":\"https:\/\/barnes-portugal.com\/fr\/\",\"name\":\"BARNES Realty | Portugal\",\"description\":\"International Luxury Real Estate\",\"publisher\":{\"@id\":\"https:\/\/barnes-portugal.com\/fr\/#organization\"},\"potentialAction\":[{\"@type\":\"SearchAction\",\"target\":{\"@type\":\"EntryPoint\",\"urlTemplate\":\"https:\/\/barnes-portugal.com\/fr\/?s={search_term_string}\"},\"query-input\":{\"@type\":\"PropertyValueSpecification\",\"valueRequired\":true,\"valueName\":\"search_term_string\"}}],\"inLanguage\":\"fr-FR\"},{\"@type\":\"Organization\",\"@id\":\"https:\/\/barnes-portugal.com\/fr\/#organization\",\"name\":\"BARNES Realty | Portugal\",\"url\":\"https:\/\/barnes-portugal.com\/fr\/\",\"logo\":{\"@type\":\"ImageObject\",\"inLanguage\":\"fr-FR\",\"@id\":\"https:\/\/barnes-portugal.com\/fr\/#\/schema\/logo\/image\/\",\"url\":\"https:\/\/barnes-portugal.com\/wp-content\/uploads\/barnes-logo-inverse.png\",\"contentUrl\":\"https:\/\/barnes-portugal.com\/wp-content\/uploads\/barnes-logo-inverse.png\",\"width\":145,\"height\":39,\"caption\":\"BARNES Realty | Portugal\"},\"image\":{\"@id\":\"https:\/\/barnes-portugal.com\/fr\/#\/schema\/logo\/image\/\"},\"sameAs\":[\"https:\/\/www.facebook.com\/barnesportugal\",\"https:\/\/www.instagram.com\/barnes_portugal\/\",\"https:\/\/www.linkedin.com\/company\/729926\/\"]},{\"@type\":\"Person\",\"@id\":\"https:\/\/barnes-portugal.com\/fr\/#\/schema\/person\/2099d6b94d81ecd203b4081ab83ba608\",\"name\":\"SmartKISS\",\"image\":{\"@type\":\"ImageObject\",\"inLanguage\":\"fr-FR\",\"@id\":\"https:\/\/barnes-portugal.com\/fr\/#\/schema\/person\/image\/\",\"url\":\"https:\/\/secure.gravatar.com\/avatar\/2b50872e4b31a5be308daf3292fd2e6e?s=96&d=mm&r=g\",\"contentUrl\":\"https:\/\/secure.gravatar.com\/avatar\/2b50872e4b31a5be308daf3292fd2e6e?s=96&d=mm&r=g\",\"caption\":\"SmartKISS\"}}]}<\/script>\n<!-- \/ Yoast SEO plugin. -->","yoast_head_json":{"title":"7 Nouvelles \u00c9toiles Michelin Brillent Au Portugal! | BARNES Realty | Portugal","description":"A Praia da Fal\u00e9sia cativa os visitantes com a sua paisagem de cortar a respira\u00e7\u00e3o. As fal\u00e9sias dram\u00e1ticas, o f\u00e1cil acesso, a areia dourada e as \u00e1guas azuis do Oceano Atl\u00e2ntico criam um cen\u00e1rio digno de um postal.","robots":{"index":"index","follow":"follow","max-snippet":"max-snippet:-1","max-image-preview":"max-image-preview:large","max-video-preview":"max-video-preview:-1"},"canonical":"https:\/\/barnes-portugal.com\/fr\/2024\/03\/06\/ha-7-novas-estrelas-michelin-a-brilhar-em-portugal\/","og_locale":"fr_FR","og_type":"article","og_title":"7 Nouvelles \u00c9toiles Michelin Brillent Au Portugal! | BARNES Realty | Portugal","og_description":"A Praia da Fal\u00e9sia cativa os visitantes com a sua paisagem de cortar a respira\u00e7\u00e3o. As fal\u00e9sias dram\u00e1ticas, o f\u00e1cil acesso, a areia dourada e as \u00e1guas azuis do Oceano Atl\u00e2ntico criam um cen\u00e1rio digno de um postal.","og_url":"https:\/\/barnes-portugal.com\/fr\/2024\/03\/06\/ha-7-novas-estrelas-michelin-a-brilhar-em-portugal\/","og_site_name":"BARNES Realty | Portugal","article_publisher":"https:\/\/www.facebook.com\/barnesportugal","article_published_time":"2024-03-06T10:31:06+00:00","article_modified_time":"2024-03-08T10:44:59+00:00","og_image":[{"width":754,"height":394,"url":"https:\/\/barnes-portugal.com\/wp-content\/uploads\/ha-7-novas-estrelas-michelin-a-brilhar-em-portugal.jpeg","type":"image\/jpeg"}],"author":"SmartKISS","twitter_card":"summary_large_image","twitter_misc":{"\u00c9crit par":"SmartKISS","Dur\u00e9e de lecture estim\u00e9e":"3 minutes"},"schema":{"@context":"https:\/\/schema.org","@graph":[{"@type":"Article","@id":"https:\/\/barnes-portugal.com\/fr\/2024\/03\/06\/ha-7-novas-estrelas-michelin-a-brilhar-em-portugal\/#article","isPartOf":{"@id":"https:\/\/barnes-portugal.com\/fr\/2024\/03\/06\/ha-7-novas-estrelas-michelin-a-brilhar-em-portugal\/"},"author":{"name":"SmartKISS","@id":"https:\/\/barnes-portugal.com\/fr\/#\/schema\/person\/2099d6b94d81ecd203b4081ab83ba608"},"headline":"7 Nouvelles \u00c9toiles Michelin Brillent Au Portugal!","datePublished":"2024-03-06T10:31:06+00:00","dateModified":"2024-03-08T10:44:59+00:00","mainEntityOfPage":{"@id":"https:\/\/barnes-portugal.com\/fr\/2024\/03\/06\/ha-7-novas-estrelas-michelin-a-brilhar-em-portugal\/"},"wordCount":637,"publisher":{"@id":"https:\/\/barnes-portugal.com\/fr\/#organization"},"image":{"@id":"https:\/\/barnes-portugal.com\/fr\/2024\/03\/06\/ha-7-novas-estrelas-michelin-a-brilhar-em-portugal\/#primaryimage"},"thumbnailUrl":"https:\/\/barnes-portugal.com\/wp-content\/uploads\/ha-7-novas-estrelas-michelin-a-brilhar-em-portugal.jpeg","articleSection":["BARNES Portugal","Portugal"],"inLanguage":"fr-FR"},{"@type":"WebPage","@id":"https:\/\/barnes-portugal.com\/fr\/2024\/03\/06\/ha-7-novas-estrelas-michelin-a-brilhar-em-portugal\/","url":"https:\/\/barnes-portugal.com\/fr\/2024\/03\/06\/ha-7-novas-estrelas-michelin-a-brilhar-em-portugal\/","name":"7 Nouvelles \u00c9toiles Michelin Brillent Au Portugal! | BARNES Realty | Portugal","isPartOf":{"@id":"https:\/\/barnes-portugal.com\/fr\/#website"},"primaryImageOfPage":{"@id":"https:\/\/barnes-portugal.com\/fr\/2024\/03\/06\/ha-7-novas-estrelas-michelin-a-brilhar-em-portugal\/#primaryimage"},"image":{"@id":"https:\/\/barnes-portugal.com\/fr\/2024\/03\/06\/ha-7-novas-estrelas-michelin-a-brilhar-em-portugal\/#primaryimage"},"thumbnailUrl":"https:\/\/barnes-portugal.com\/wp-content\/uploads\/ha-7-novas-estrelas-michelin-a-brilhar-em-portugal.jpeg","datePublished":"2024-03-06T10:31:06+00:00","dateModified":"2024-03-08T10:44:59+00:00","description":"A Praia da Fal\u00e9sia cativa os visitantes com a sua paisagem de cortar a respira\u00e7\u00e3o. As fal\u00e9sias dram\u00e1ticas, o f\u00e1cil acesso, a areia dourada e as \u00e1guas azuis do Oceano Atl\u00e2ntico criam um cen\u00e1rio digno de um postal.","breadcrumb":{"@id":"https:\/\/barnes-portugal.com\/fr\/2024\/03\/06\/ha-7-novas-estrelas-michelin-a-brilhar-em-portugal\/#breadcrumb"},"inLanguage":"fr-FR","potentialAction":[{"@type":"ReadAction","target":["https:\/\/barnes-portugal.com\/fr\/2024\/03\/06\/ha-7-novas-estrelas-michelin-a-brilhar-em-portugal\/"]}]},{"@type":"ImageObject","inLanguage":"fr-FR","@id":"https:\/\/barnes-portugal.com\/fr\/2024\/03\/06\/ha-7-novas-estrelas-michelin-a-brilhar-em-portugal\/#primaryimage","url":"https:\/\/barnes-portugal.com\/wp-content\/uploads\/ha-7-novas-estrelas-michelin-a-brilhar-em-portugal.jpeg","contentUrl":"https:\/\/barnes-portugal.com\/wp-content\/uploads\/ha-7-novas-estrelas-michelin-a-brilhar-em-portugal.jpeg","width":754,"height":394},{"@type":"BreadcrumbList","@id":"https:\/\/barnes-portugal.com\/fr\/2024\/03\/06\/ha-7-novas-estrelas-michelin-a-brilhar-em-portugal\/#breadcrumb","itemListElement":[{"@type":"ListItem","position":1,"name":"In\u00edcio","item":"https:\/\/barnes-portugal.com\/fr\/"},{"@type":"ListItem","position":2,"name":"7 Nouvelles \u00c9toiles Michelin Brillent Au Portugal!"}]},{"@type":"WebSite","@id":"https:\/\/barnes-portugal.com\/fr\/#website","url":"https:\/\/barnes-portugal.com\/fr\/","name":"BARNES Realty | Portugal","description":"International Luxury Real Estate","publisher":{"@id":"https:\/\/barnes-portugal.com\/fr\/#organization"},"potentialAction":[{"@type":"SearchAction","target":{"@type":"EntryPoint","urlTemplate":"https:\/\/barnes-portugal.com\/fr\/?s={search_term_string}"},"query-input":{"@type":"PropertyValueSpecification","valueRequired":true,"valueName":"search_term_string"}}],"inLanguage":"fr-FR"},{"@type":"Organization","@id":"https:\/\/barnes-portugal.com\/fr\/#organization","name":"BARNES Realty | Portugal","url":"https:\/\/barnes-portugal.com\/fr\/","logo":{"@type":"ImageObject","inLanguage":"fr-FR","@id":"https:\/\/barnes-portugal.com\/fr\/#\/schema\/logo\/image\/","url":"https:\/\/barnes-portugal.com\/wp-content\/uploads\/barnes-logo-inverse.png","contentUrl":"https:\/\/barnes-portugal.com\/wp-content\/uploads\/barnes-logo-inverse.png","width":145,"height":39,"caption":"BARNES Realty | Portugal"},"image":{"@id":"https:\/\/barnes-portugal.com\/fr\/#\/schema\/logo\/image\/"},"sameAs":["https:\/\/www.facebook.com\/barnesportugal","https:\/\/www.instagram.com\/barnes_portugal\/","https:\/\/www.linkedin.com\/company\/729926\/"]},{"@type":"Person","@id":"https:\/\/barnes-portugal.com\/fr\/#\/schema\/person\/2099d6b94d81ecd203b4081ab83ba608","name":"SmartKISS","image":{"@type":"ImageObject","inLanguage":"fr-FR","@id":"https:\/\/barnes-portugal.com\/fr\/#\/schema\/person\/image\/","url":"https:\/\/secure.gravatar.com\/avatar\/2b50872e4b31a5be308daf3292fd2e6e?s=96&d=mm&r=g","contentUrl":"https:\/\/secure.gravatar.com\/avatar\/2b50872e4b31a5be308daf3292fd2e6e?s=96&d=mm&r=g","caption":"SmartKISS"}}]}},"_links":{"self":[{"href":"https:\/\/barnes-portugal.com\/fr\/wp-json\/wp\/v2\/posts\/87759"}],"collection":[{"href":"https:\/\/barnes-portugal.com\/fr\/wp-json\/wp\/v2\/posts"}],"about":[{"href":"https:\/\/barnes-portugal.com\/fr\/wp-json\/wp\/v2\/types\/post"}],"author":[{"embeddable":true,"href":"https:\/\/barnes-portugal.com\/fr\/wp-json\/wp\/v2\/users\/1"}],"replies":[{"embeddable":true,"href":"https:\/\/barnes-portugal.com\/fr\/wp-json\/wp\/v2\/comments?post=87759"}],"version-history":[{"count":0,"href":"https:\/\/barnes-portugal.com\/fr\/wp-json\/wp\/v2\/posts\/87759\/revisions"}],"wp:featuredmedia":[{"embeddable":true,"href":"https:\/\/barnes-portugal.com\/fr\/wp-json\/wp\/v2\/media\/87750"}],"wp:attachment":[{"href":"https:\/\/barnes-portugal.com\/fr\/wp-json\/wp\/v2\/media?parent=87759"}],"wp:term":[{"taxonomy":"category","embeddable":true,"href":"https:\/\/barnes-portugal.com\/fr\/wp-json\/wp\/v2\/categories?post=87759"},{"taxonomy":"post_tag","embeddable":true,"href":"https:\/\/barnes-portugal.com\/fr\/wp-json\/wp\/v2\/tags?post=87759"}],"curies":[{"name":"wp","href":"https:\/\/api.w.org\/{rel}","templated":true}]}}